{"id":1924,"date":"2026-08-31T09:06:22","date_gmt":"2026-08-31T14:06:22","guid":{"rendered":"https:\/\/www.iepioxii.edu.co\/web\/?p=1924"},"modified":"2026-08-31T09:07:04","modified_gmt":"2026-08-31T14:07:04","slug":"xxiv-carrera-atletica","status":"publish","type":"post","link":"https:\/\/www.iepioxii.edu.co\/web\/?p=1924","title":{"rendered":"XXIV CARRERA ATL\u00c9TICA"},"content":{"rendered":"<p><a href=\"https:\/\/www.iepioxii.edu.co\/web\/wp-content\/uploads\/2026\/08\/WhatsApp-Image-2026-08-28-at-18.15.18.jpeg\"><img loading=\"lazy\" decoding=\"async\" class=\"aligncenter size-full wp-image-1925\" src=\"https:\/\/www.iepioxii.edu.co\/web\/wp-content\/uploads\/2026\/08\/WhatsApp-Image-2026-08-28-at-18.15.18.jpeg\" alt=\"\" width=\"720\" height=\"953\" srcset=\"https:\/\/www.iepioxii.edu.co\/web\/wp-content\/uploads\/2026\/08\/WhatsApp-Image-2026-08-28-at-18.15.18.jpeg 720w, https:\/\/www.iepioxii.edu.co\/web\/wp-content\/uploads\/2026\/08\/WhatsApp-Image-2026-08-28-at-18.15.18-227x300.jpeg 227w, https:\/\/www.iepioxii.edu.co\/web\/wp-content\/uploads\/2026\/08\/WhatsApp-Image-2026-08-28-at-18.15.18-676x895.jpeg 676w\" sizes=\"(max-width: 720px) 100vw, 720px\" \/><\/a><\/p>\n<div>\n<p>La Instituci\u00f3n Educativa P\u00edo XII invita cordialmente a la comunidad educativa y al p\u00fablico en general a participar en la <strong>XXIV Carrera Atl\u00e9tica<\/strong>, que se realizar\u00e1 el pr\u00f3ximo <strong>18 de septiembre a las 7:00 a.m.<\/strong>, como parte de la celebraci\u00f3n de nuestros <strong>69 a\u00f1os de vida institucional<\/strong>.<\/p>\n<p>La <strong>preinscripci\u00f3n<\/strong> podr\u00e1 realizarse de manera virtual mediante el <strong>c\u00f3digo QR dispuesto por la organizaci\u00f3n<\/strong>. La inscripci\u00f3n quedar\u00e1 formalizada \u00fanicamente con la entrega del <strong>n\u00famero oficial de competencia<\/strong>, el cual deber\u00e1 portarse de forma visible durante la carrera. Los n\u00fameros ser\u00e1n entregados el <strong>17 de septiembre a partir de las 2:00 p.m.<\/strong> en las instalaciones de la Instituci\u00f3n Educativa P\u00edo XII. Para reclamarlo, los participantes deber\u00e1n presentar su <strong>documento de identidad<\/strong>; en el caso de los <strong>menores de edad<\/strong>, ser\u00e1 obligatoria la presencia de su padre, madre o acudiente, quien deber\u00e1 autorizar su participaci\u00f3n.<\/p>\n<p>La premiaci\u00f3n se realizar\u00e1 con la verificaci\u00f3n del <strong>documento de identidad<\/strong> del participante. La participaci\u00f3n en el evento es voluntaria y supone la aceptaci\u00f3n de los riesgos propios de la actividad deportiva. Cada participante declara encontrarse en condiciones f\u00edsicas y de salud adecuadas para competir y asume la responsabilidad sobre cualquier condici\u00f3n m\u00e9dica preexistente o no informada. La instituci\u00f3n organizadora se exime de responsabilidad por accidentes, lesiones o eventualidades derivadas de condiciones de salud no reportadas, caso fortuito o fuerza mayor. Los menores de edad participar\u00e1n bajo la autorizaci\u00f3n y responsabilidad de sus padres o acudientes.<\/p>\n<\/div>\n<p>&nbsp;<\/p>\n","protected":false},"excerpt":{"rendered":"<p>La Instituci\u00f3n Educativa P\u00edo XII invita cordialmente a la comunidad educativa y al p\u00fablico en general a participar en la XXIV Carrera Atl\u00e9tica, que se realizar\u00e1 el pr\u00f3ximo 18 de septiembre a las 7:00 a.m., como parte de la celebraci\u00f3n de nuestros 69 a\u00f1os de vida institucional. La preinscripci\u00f3n podr\u00e1 realizarse de manera virtual mediante [&hellip;]<\/p>\n","protected":false},"author":1,"featured_media":0,"comment_status":"closed","ping_status":"closed","sticky":false,"template":"","format":"standard","meta":{"ngg_post_thumbnail":0,"footnotes":""},"categories":[1],"tags":[],"class_list":["post-1924","post","type-post","status-publish","format-standard","hentry","category-sin-categoria","post-preview"],"_links":{"self":[{"href":"https:\/\/www.iepioxii.edu.co\/web\/index.php?rest_route=\/wp\/v2\/posts\/1924"}],"collection":[{"href":"https:\/\/www.iepioxii.edu.co\/web\/index.php?rest_route=\/wp\/v2\/posts"}],"about":[{"href":"https:\/\/www.iepioxii.edu.co\/web\/index.php?rest_route=\/wp\/v2\/types\/post"}],"author":[{"embeddable":true,"href":"https:\/\/www.iepioxii.edu.co\/web\/index.php?rest_route=\/wp\/v2\/users\/1"}],"replies":[{"embeddable":true,"href":"https:\/\/www.iepioxii.edu.co\/web\/index.php?rest_route=%2Fwp%2Fv2%2Fcomments&post=1924"}],"version-history":[{"count":1,"href":"https:\/\/www.iepioxii.edu.co\/web\/index.php?rest_route=\/wp\/v2\/posts\/1924\/revisions"}],"predecessor-version":[{"id":1926,"href":"https:\/\/www.iepioxii.edu.co\/web\/index.php?rest_route=\/wp\/v2\/posts\/1924\/revisions\/1926"}],"wp:attachment":[{"href":"https:\/\/www.iepioxii.edu.co\/web\/index.php?rest_route=%2Fwp%2Fv2%2Fmedia&parent=1924"}],"wp:term":[{"taxonomy":"category","embeddable":true,"href":"https:\/\/www.iepioxii.edu.co\/web\/index.php?rest_route=%2Fwp%2Fv2%2Fcategories&post=1924"},{"taxonomy":"post_tag","embeddable":true,"href":"https:\/\/www.iepioxii.edu.co\/web\/index.php?rest_route=%2Fwp%2Fv2%2Ftags&post=1924"}],"curies":[{"name":"wp","href":"https:\/\/api.w.org\/{rel}","templated":true}]}}